{"id":5988,"date":"2025-09-17T08:40:48","date_gmt":"2025-09-17T13:40:48","guid":{"rendered":"https:\/\/www.berger.ca\/es\/?p=5988"},"modified":"2025-11-07T12:24:45","modified_gmt":"2025-11-07T17:24:45","slug":"compactacion-en-los-sustratos","status":"publish","type":"post","link":"https:\/\/www.berger.ca\/es\/recursos-para-los-productores\/tips-y-consejos-practicos\/compactacion-en-los-sustratos\/","title":{"rendered":"Compactaci\u00f3n en los sustratos"},"content":{"rendered":"<h2>C\u00f3mo prevenir la compactaci\u00f3n del medio de cultivo en macetas, bandejas y contenedores<\/h2>\n<p>En este video aprender\u00e1s a evitar la compactaci\u00f3n en macetas, bandejas y contenedores para mantener la estructura y porosidad de tu medio de cultivo. Se aborda la importancia del espacio de aire para la salud radicular, se muestra c\u00f3mo se produce la compactaci\u00f3n por el manejo y el uso de equipos, y se ofrecen consejos pr\u00e1cticos para preservar la integridad del medio de cultivo, como mantener niveles de humedad adecuados, emplear t\u00e9cnicas de llenado suaves y utilizar m\u00e9todos de almacenamiento correctos. Siguiendo estas pr\u00e1cticas recomendadas, asegurar\u00e1s sistemas radiculares m\u00e1s saludables, un crecimiento vegetal m\u00e1s uniforme y resultados de producci\u00f3n m\u00e1s predecibles.<\/p>\n<div class=\"wysiwyg-row\"><br \/>\n<a class=\"fancybox-media video wysiwyg-vid\" href=\"https:\/\/vimeo.com\/1104442315?share=copy\"><div class=\"single-tile\" style=\"background-image: url(https:\/\/www.berger.ca\/es\/wp-content\/uploads\/sites\/3\/2025\/09\/compaction.png)\"><div class=\"overlay\"><\/div><div class=\"vert-center\"><div class=\"sm-title green icon-berger-video-icon\">Berger Technical Talks<\/div><div class=\"md-title\">C\u00f3mo prevenir la compactaci\u00f3n del medio de cultivo en macetas, bandejas y contenedores<\/div><\/div><\/div><\/a><br \/>\n<\/div>\n","protected":false},"excerpt":{"rendered":"<p>C\u00f3mo prevenir la compactaci\u00f3n del medio de cultivo en macetas, bandejas y contenedores En este video aprender\u00e1s a evitar la compactaci\u00f3n en macetas, bandejas y contenedores para mantener la estructura y porosidad de tu medio de cultivo. Se aborda la importancia del espacio de aire para la salud radicular, se muestra c\u00f3mo se produce la compactaci\u00f3n por el manejo y el uso de equipos, y se ofrecen consejos pr\u00e1cticos para preservar la integridad del medio de cultivo, como mantener niveles de humedad adecuados, emplear t\u00e9cnicas de llenado suaves y utilizar m\u00e9todos de almacenamiento correctos. Siguiendo estas pr\u00e1cticas recomendadas, asegurar\u00e1s sistemas radiculares m\u00e1s saludables, un crecimiento vegetal m\u00e1s uniforme y resultados de producci\u00f3n m\u00e1s predecibles.<\/p>\n","protected":false},"author":20,"featured_media":5991,"comment_status":"closed","ping_status":"closed","sticky":false,"template":"","format":"standard","meta":{"_acf_changed":false,"footnotes":""},"categories":[416,415],"tags":[],"class_list":["post-5988","post","type-post","status-publish","format-standard","has-post-thumbnail","hentry","category-horticultura","category-video"],"acf":[],"yoast_head":"<!-- This site is optimized with the Yoast SEO plugin v27.4 - https:\/\/yoast.com\/product\/yoast-seo-wordpress\/ -->\n<title>Compactaci\u00f3n en los sustratos - Berger - ES<\/title>\n<meta name=\"robots\" content=\"index, follow, max-snippet:-1, max-image-preview:large, max-video-preview:-1\" \/>\n<link rel=\"canonical\" href=\"https:\/\/www.berger.ca\/es\/recursos-para-los-productores\/tips-y-consejos-practicos\/compactacion-en-los-sustratos\/\" \/>\n<meta property=\"og:locale\" content=\"es_ES\" \/>\n<meta property=\"og:type\" content=\"article\" \/>\n<meta property=\"og:title\" content=\"Compactaci\u00f3n en los sustratos - Berger - ES\" \/>\n<meta property=\"og:description\" content=\"C\u00f3mo prevenir la compactaci\u00f3n del medio de cultivo en macetas, bandejas y contenedores En este video aprender\u00e1s a evitar la compactaci\u00f3n en macetas, bandejas y contenedores para mantener la estructura y porosidad de tu medio de cultivo. Se aborda la importancia del espacio de aire para la salud radicular, se muestra c\u00f3mo se produce la compactaci\u00f3n por el manejo y el uso de equipos, y se ofrecen consejos pr\u00e1cticos para preservar la integridad del medio de cultivo, como mantener niveles de humedad adecuados, emplear t\u00e9cnicas de llenado suaves y utilizar m\u00e9todos de almacenamiento correctos. Siguiendo estas pr\u00e1cticas recomendadas, asegurar\u00e1s sistemas radiculares m\u00e1s saludables, un crecimiento vegetal m\u00e1s uniforme y resultados de producci\u00f3n m\u00e1s predecibles.\" \/>\n<meta property=\"og:url\" content=\"https:\/\/www.berger.ca\/es\/recursos-para-los-productores\/tips-y-consejos-practicos\/compactacion-en-los-sustratos\/\" \/>\n<meta property=\"og:site_name\" content=\"Berger - ES\" \/>\n<meta property=\"article:publisher\" content=\"https:\/\/www.facebook.com\/berger.ca\/\" \/>\n<meta property=\"article:published_time\" content=\"2025-09-17T13:40:48+00:00\" \/>\n<meta property=\"article:modified_time\" content=\"2025-11-07T17:24:45+00:00\" \/>\n<meta property=\"og:image\" content=\"https:\/\/www.berger.ca\/es\/wp-content\/uploads\/sites\/3\/2025\/09\/compaction.png\" \/>\n\t<meta property=\"og:image:width\" content=\"1577\" \/>\n\t<meta property=\"og:image:height\" content=\"845\" \/>\n\t<meta property=\"og:image:type\" content=\"image\/png\" \/>\n<meta name=\"author\" content=\"Claudie Boudreau\" \/>\n<meta name=\"twitter:card\" content=\"summary_large_image\" \/>\n<meta name=\"twitter:creator\" content=\"@berger_ca\" \/>\n<meta name=\"twitter:site\" content=\"@berger_ca\" \/>\n<meta name=\"twitter:label1\" content=\"Escrito por\" \/>\n\t<meta name=\"twitter:data1\" content=\"Claudie Boudreau\" \/>\n\t<meta name=\"twitter:label2\" content=\"Tiempo de lectura\" \/>\n\t<meta name=\"twitter:data2\" content=\"1 minuto\" \/>\n<script type=\"application\/ld+json\" class=\"yoast-schema-graph\">{\"@context\":\"https:\\\/\\\/schema.org\",\"@graph\":[{\"@type\":\"Article\",\"@id\":\"https:\\\/\\\/www.berger.ca\\\/es\\\/recursos-para-los-productores\\\/tips-y-consejos-practicos\\\/compactacion-en-los-sustratos\\\/#article\",\"isPartOf\":{\"@id\":\"https:\\\/\\\/www.berger.ca\\\/es\\\/recursos-para-los-productores\\\/tips-y-consejos-practicos\\\/compactacion-en-los-sustratos\\\/\"},\"author\":{\"name\":\"Claudie Boudreau\",\"@id\":\"https:\\\/\\\/www.berger.ca\\\/es\\\/#\\\/schema\\\/person\\\/1a11c684313954a3ee329e3555343d34\"},\"headline\":\"Compactaci\u00f3n en los sustratos\",\"datePublished\":\"2025-09-17T13:40:48+00:00\",\"dateModified\":\"2025-11-07T17:24:45+00:00\",\"mainEntityOfPage\":{\"@id\":\"https:\\\/\\\/www.berger.ca\\\/es\\\/recursos-para-los-productores\\\/tips-y-consejos-practicos\\\/compactacion-en-los-sustratos\\\/\"},\"wordCount\":179,\"publisher\":{\"@id\":\"https:\\\/\\\/www.berger.ca\\\/es\\\/#organization\"},\"image\":{\"@id\":\"https:\\\/\\\/www.berger.ca\\\/es\\\/recursos-para-los-productores\\\/tips-y-consejos-practicos\\\/compactacion-en-los-sustratos\\\/#primaryimage\"},\"thumbnailUrl\":\"https:\\\/\\\/www.berger.ca\\\/es\\\/wp-content\\\/uploads\\\/sites\\\/3\\\/2025\\\/09\\\/compaction.png\",\"articleSection\":[\"horticultura\",\"Video\"],\"inLanguage\":\"es\"},{\"@type\":\"WebPage\",\"@id\":\"https:\\\/\\\/www.berger.ca\\\/es\\\/recursos-para-los-productores\\\/tips-y-consejos-practicos\\\/compactacion-en-los-sustratos\\\/\",\"url\":\"https:\\\/\\\/www.berger.ca\\\/es\\\/recursos-para-los-productores\\\/tips-y-consejos-practicos\\\/compactacion-en-los-sustratos\\\/\",\"name\":\"Compactaci\u00f3n en los sustratos - Berger - ES\",\"isPartOf\":{\"@id\":\"https:\\\/\\\/www.berger.ca\\\/es\\\/#website\"},\"primaryImageOfPage\":{\"@id\":\"https:\\\/\\\/www.berger.ca\\\/es\\\/recursos-para-los-productores\\\/tips-y-consejos-practicos\\\/compactacion-en-los-sustratos\\\/#primaryimage\"},\"image\":{\"@id\":\"https:\\\/\\\/www.berger.ca\\\/es\\\/recursos-para-los-productores\\\/tips-y-consejos-practicos\\\/compactacion-en-los-sustratos\\\/#primaryimage\"},\"thumbnailUrl\":\"https:\\\/\\\/www.berger.ca\\\/es\\\/wp-content\\\/uploads\\\/sites\\\/3\\\/2025\\\/09\\\/compaction.png\",\"datePublished\":\"2025-09-17T13:40:48+00:00\",\"dateModified\":\"2025-11-07T17:24:45+00:00\",\"inLanguage\":\"es\",\"potentialAction\":[{\"@type\":\"ReadAction\",\"target\":[\"https:\\\/\\\/www.berger.ca\\\/es\\\/recursos-para-los-productores\\\/tips-y-consejos-practicos\\\/compactacion-en-los-sustratos\\\/\"]}]},{\"@type\":\"ImageObject\",\"inLanguage\":\"es\",\"@id\":\"https:\\\/\\\/www.berger.ca\\\/es\\\/recursos-para-los-productores\\\/tips-y-consejos-practicos\\\/compactacion-en-los-sustratos\\\/#primaryimage\",\"url\":\"https:\\\/\\\/www.berger.ca\\\/es\\\/wp-content\\\/uploads\\\/sites\\\/3\\\/2025\\\/09\\\/compaction.png\",\"contentUrl\":\"https:\\\/\\\/www.berger.ca\\\/es\\\/wp-content\\\/uploads\\\/sites\\\/3\\\/2025\\\/09\\\/compaction.png\",\"width\":1577,\"height\":845,\"caption\":\"C\u00f3mo prevenir la compactaci\u00f3n del medio de cultivo en macetas\"},{\"@type\":\"WebSite\",\"@id\":\"https:\\\/\\\/www.berger.ca\\\/es\\\/#website\",\"url\":\"https:\\\/\\\/www.berger.ca\\\/es\\\/\",\"name\":\"Berger - ES\",\"description\":\"Un site utilisant Sites Berger\",\"publisher\":{\"@id\":\"https:\\\/\\\/www.berger.ca\\\/es\\\/#organization\"},\"potentialAction\":[{\"@type\":\"SearchAction\",\"target\":{\"@type\":\"EntryPoint\",\"urlTemplate\":\"https:\\\/\\\/www.berger.ca\\\/es\\\/?s={search_term_string}\"},\"query-input\":{\"@type\":\"PropertyValueSpecification\",\"valueRequired\":true,\"valueName\":\"search_term_string\"}}],\"inLanguage\":\"es\"},{\"@type\":\"Organization\",\"@id\":\"https:\\\/\\\/www.berger.ca\\\/es\\\/#organization\",\"name\":\"Berger\",\"url\":\"https:\\\/\\\/www.berger.ca\\\/es\\\/\",\"logo\":{\"@type\":\"ImageObject\",\"inLanguage\":\"es\",\"@id\":\"https:\\\/\\\/www.berger.ca\\\/es\\\/#\\\/schema\\\/logo\\\/image\\\/\",\"url\":\"https:\\\/\\\/www.berger.ca\\\/es\\\/wp-content\\\/uploads\\\/sites\\\/3\\\/2016\\\/07\\\/berger_logo_coul_seul.png\",\"contentUrl\":\"https:\\\/\\\/www.berger.ca\\\/es\\\/wp-content\\\/uploads\\\/sites\\\/3\\\/2016\\\/07\\\/berger_logo_coul_seul.png\",\"width\":1257,\"height\":1156,\"caption\":\"Berger\"},\"image\":{\"@id\":\"https:\\\/\\\/www.berger.ca\\\/es\\\/#\\\/schema\\\/logo\\\/image\\\/\"},\"sameAs\":[\"https:\\\/\\\/www.facebook.com\\\/berger.ca\\\/\",\"https:\\\/\\\/x.com\\\/berger_ca\",\"https:\\\/\\\/www.instagram.com\\\/bergermixes\\\/\",\"https:\\\/\\\/www.linkedin.com\\\/company\\\/berger-peat-moss-ltd-\\\/\",\"https:\\\/\\\/www.pinterest.com\\\/bergerpeatmoss\\\/\",\"https:\\\/\\\/www.youtube.com\\\/user\\\/tourbieresberger\"]},{\"@type\":\"Person\",\"@id\":\"https:\\\/\\\/www.berger.ca\\\/es\\\/#\\\/schema\\\/person\\\/1a11c684313954a3ee329e3555343d34\",\"name\":\"Claudie Boudreau\",\"image\":{\"@type\":\"ImageObject\",\"inLanguage\":\"es\",\"@id\":\"https:\\\/\\\/secure.gravatar.com\\\/avatar\\\/ea8b0910d1849b9eaeec9055457e69cbc7ff2eaa6d7f4ed22ae546e0b5b76f8a?s=96&d=mm&r=g\",\"url\":\"https:\\\/\\\/secure.gravatar.com\\\/avatar\\\/ea8b0910d1849b9eaeec9055457e69cbc7ff2eaa6d7f4ed22ae546e0b5b76f8a?s=96&d=mm&r=g\",\"contentUrl\":\"https:\\\/\\\/secure.gravatar.com\\\/avatar\\\/ea8b0910d1849b9eaeec9055457e69cbc7ff2eaa6d7f4ed22ae546e0b5b76f8a?s=96&d=mm&r=g\",\"caption\":\"Claudie Boudreau\"}}]}<\/script>\n<!-- \/ Yoast SEO plugin. -->","yoast_head_json":{"title":"Compactaci\u00f3n en los sustratos - Berger - ES","robots":{"index":"index","follow":"follow","max-snippet":"max-snippet:-1","max-image-preview":"max-image-preview:large","max-video-preview":"max-video-preview:-1"},"canonical":"https:\/\/www.berger.ca\/es\/recursos-para-los-productores\/tips-y-consejos-practicos\/compactacion-en-los-sustratos\/","og_locale":"es_ES","og_type":"article","og_title":"Compactaci\u00f3n en los sustratos - Berger - ES","og_description":"C\u00f3mo prevenir la compactaci\u00f3n del medio de cultivo en macetas, bandejas y contenedores En este video aprender\u00e1s a evitar la compactaci\u00f3n en macetas, bandejas y contenedores para mantener la estructura y porosidad de tu medio de cultivo. Se aborda la importancia del espacio de aire para la salud radicular, se muestra c\u00f3mo se produce la compactaci\u00f3n por el manejo y el uso de equipos, y se ofrecen consejos pr\u00e1cticos para preservar la integridad del medio de cultivo, como mantener niveles de humedad adecuados, emplear t\u00e9cnicas de llenado suaves y utilizar m\u00e9todos de almacenamiento correctos. Siguiendo estas pr\u00e1cticas recomendadas, asegurar\u00e1s sistemas radiculares m\u00e1s saludables, un crecimiento vegetal m\u00e1s uniforme y resultados de producci\u00f3n m\u00e1s predecibles.","og_url":"https:\/\/www.berger.ca\/es\/recursos-para-los-productores\/tips-y-consejos-practicos\/compactacion-en-los-sustratos\/","og_site_name":"Berger - ES","article_publisher":"https:\/\/www.facebook.com\/berger.ca\/","article_published_time":"2025-09-17T13:40:48+00:00","article_modified_time":"2025-11-07T17:24:45+00:00","og_image":[{"width":1577,"height":845,"url":"https:\/\/www.berger.ca\/es\/wp-content\/uploads\/sites\/3\/2025\/09\/compaction.png","type":"image\/png"}],"author":"Claudie Boudreau","twitter_card":"summary_large_image","twitter_creator":"@berger_ca","twitter_site":"@berger_ca","twitter_misc":{"Escrito por":"Claudie Boudreau","Tiempo de lectura":"1 minuto"},"schema":{"@context":"https:\/\/schema.org","@graph":[{"@type":"Article","@id":"https:\/\/www.berger.ca\/es\/recursos-para-los-productores\/tips-y-consejos-practicos\/compactacion-en-los-sustratos\/#article","isPartOf":{"@id":"https:\/\/www.berger.ca\/es\/recursos-para-los-productores\/tips-y-consejos-practicos\/compactacion-en-los-sustratos\/"},"author":{"name":"Claudie Boudreau","@id":"https:\/\/www.berger.ca\/es\/#\/schema\/person\/1a11c684313954a3ee329e3555343d34"},"headline":"Compactaci\u00f3n en los sustratos","datePublished":"2025-09-17T13:40:48+00:00","dateModified":"2025-11-07T17:24:45+00:00","mainEntityOfPage":{"@id":"https:\/\/www.berger.ca\/es\/recursos-para-los-productores\/tips-y-consejos-practicos\/compactacion-en-los-sustratos\/"},"wordCount":179,"publisher":{"@id":"https:\/\/www.berger.ca\/es\/#organization"},"image":{"@id":"https:\/\/www.berger.ca\/es\/recursos-para-los-productores\/tips-y-consejos-practicos\/compactacion-en-los-sustratos\/#primaryimage"},"thumbnailUrl":"https:\/\/www.berger.ca\/es\/wp-content\/uploads\/sites\/3\/2025\/09\/compaction.png","articleSection":["horticultura","Video"],"inLanguage":"es"},{"@type":"WebPage","@id":"https:\/\/www.berger.ca\/es\/recursos-para-los-productores\/tips-y-consejos-practicos\/compactacion-en-los-sustratos\/","url":"https:\/\/www.berger.ca\/es\/recursos-para-los-productores\/tips-y-consejos-practicos\/compactacion-en-los-sustratos\/","name":"Compactaci\u00f3n en los sustratos - Berger - ES","isPartOf":{"@id":"https:\/\/www.berger.ca\/es\/#website"},"primaryImageOfPage":{"@id":"https:\/\/www.berger.ca\/es\/recursos-para-los-productores\/tips-y-consejos-practicos\/compactacion-en-los-sustratos\/#primaryimage"},"image":{"@id":"https:\/\/www.berger.ca\/es\/recursos-para-los-productores\/tips-y-consejos-practicos\/compactacion-en-los-sustratos\/#primaryimage"},"thumbnailUrl":"https:\/\/www.berger.ca\/es\/wp-content\/uploads\/sites\/3\/2025\/09\/compaction.png","datePublished":"2025-09-17T13:40:48+00:00","dateModified":"2025-11-07T17:24:45+00:00","inLanguage":"es","potentialAction":[{"@type":"ReadAction","target":["https:\/\/www.berger.ca\/es\/recursos-para-los-productores\/tips-y-consejos-practicos\/compactacion-en-los-sustratos\/"]}]},{"@type":"ImageObject","inLanguage":"es","@id":"https:\/\/www.berger.ca\/es\/recursos-para-los-productores\/tips-y-consejos-practicos\/compactacion-en-los-sustratos\/#primaryimage","url":"https:\/\/www.berger.ca\/es\/wp-content\/uploads\/sites\/3\/2025\/09\/compaction.png","contentUrl":"https:\/\/www.berger.ca\/es\/wp-content\/uploads\/sites\/3\/2025\/09\/compaction.png","width":1577,"height":845,"caption":"C\u00f3mo prevenir la compactaci\u00f3n del medio de cultivo en macetas"},{"@type":"WebSite","@id":"https:\/\/www.berger.ca\/es\/#website","url":"https:\/\/www.berger.ca\/es\/","name":"Berger - ES","description":"Un site utilisant Sites Berger","publisher":{"@id":"https:\/\/www.berger.ca\/es\/#organization"},"potentialAction":[{"@type":"SearchAction","target":{"@type":"EntryPoint","urlTemplate":"https:\/\/www.berger.ca\/es\/?s={search_term_string}"},"query-input":{"@type":"PropertyValueSpecification","valueRequired":true,"valueName":"search_term_string"}}],"inLanguage":"es"},{"@type":"Organization","@id":"https:\/\/www.berger.ca\/es\/#organization","name":"Berger","url":"https:\/\/www.berger.ca\/es\/","logo":{"@type":"ImageObject","inLanguage":"es","@id":"https:\/\/www.berger.ca\/es\/#\/schema\/logo\/image\/","url":"https:\/\/www.berger.ca\/es\/wp-content\/uploads\/sites\/3\/2016\/07\/berger_logo_coul_seul.png","contentUrl":"https:\/\/www.berger.ca\/es\/wp-content\/uploads\/sites\/3\/2016\/07\/berger_logo_coul_seul.png","width":1257,"height":1156,"caption":"Berger"},"image":{"@id":"https:\/\/www.berger.ca\/es\/#\/schema\/logo\/image\/"},"sameAs":["https:\/\/www.facebook.com\/berger.ca\/","https:\/\/x.com\/berger_ca","https:\/\/www.instagram.com\/bergermixes\/","https:\/\/www.linkedin.com\/company\/berger-peat-moss-ltd-\/","https:\/\/www.pinterest.com\/bergerpeatmoss\/","https:\/\/www.youtube.com\/user\/tourbieresberger"]},{"@type":"Person","@id":"https:\/\/www.berger.ca\/es\/#\/schema\/person\/1a11c684313954a3ee329e3555343d34","name":"Claudie Boudreau","image":{"@type":"ImageObject","inLanguage":"es","@id":"https:\/\/secure.gravatar.com\/avatar\/ea8b0910d1849b9eaeec9055457e69cbc7ff2eaa6d7f4ed22ae546e0b5b76f8a?s=96&d=mm&r=g","url":"https:\/\/secure.gravatar.com\/avatar\/ea8b0910d1849b9eaeec9055457e69cbc7ff2eaa6d7f4ed22ae546e0b5b76f8a?s=96&d=mm&r=g","contentUrl":"https:\/\/secure.gravatar.com\/avatar\/ea8b0910d1849b9eaeec9055457e69cbc7ff2eaa6d7f4ed22ae546e0b5b76f8a?s=96&d=mm&r=g","caption":"Claudie Boudreau"}}]}},"_links":{"self":[{"href":"https:\/\/www.berger.ca\/es\/wp-json\/wp\/v2\/posts\/5988","targetHints":{"allow":["GET"]}}],"collection":[{"href":"https:\/\/www.berger.ca\/es\/wp-json\/wp\/v2\/posts"}],"about":[{"href":"https:\/\/www.berger.ca\/es\/wp-json\/wp\/v2\/types\/post"}],"author":[{"embeddable":true,"href":"https:\/\/www.berger.ca\/es\/wp-json\/wp\/v2\/users\/20"}],"replies":[{"embeddable":true,"href":"https:\/\/www.berger.ca\/es\/wp-json\/wp\/v2\/comments?post=5988"}],"version-history":[{"count":3,"href":"https:\/\/www.berger.ca\/es\/wp-json\/wp\/v2\/posts\/5988\/revisions"}],"predecessor-version":[{"id":5992,"href":"https:\/\/www.berger.ca\/es\/wp-json\/wp\/v2\/posts\/5988\/revisions\/5992"}],"wp:featuredmedia":[{"embeddable":true,"href":"https:\/\/www.berger.ca\/es\/wp-json\/wp\/v2\/media\/5991"}],"wp:attachment":[{"href":"https:\/\/www.berger.ca\/es\/wp-json\/wp\/v2\/media?parent=5988"}],"wp:term":[{"taxonomy":"category","embeddable":true,"href":"https:\/\/www.berger.ca\/es\/wp-json\/wp\/v2\/categories?post=5988"},{"taxonomy":"post_tag","embeddable":true,"href":"https:\/\/www.berger.ca\/es\/wp-json\/wp\/v2\/tags?post=5988"}],"curies":[{"name":"wp","href":"https:\/\/api.w.org\/{rel}","templated":true}]}}